{"id":9356,"date":"2024-08-22T19:32:50","date_gmt":"2024-08-22T19:32:50","guid":{"rendered":"https:\/\/gynrockcity.com.br\/?p=9356"},"modified":"2024-08-22T20:54:24","modified_gmt":"2024-08-22T20:54:24","slug":"esquerda-ou-direira-quem-sao-os-donos-do-rock","status":"publish","type":"post","link":"https:\/\/gynrockcity.com.br\/en\/esquerda-ou-direira-quem-sao-os-donos-do-rock\/","title":{"rendered":"Esquerda ou Direira, quem s\u00e3o os donos do Rock?"},"content":{"rendered":"<div data-elementor-type=\"wp-post\" data-elementor-id=\"9356\" class=\"elementor elementor-9356\" data-elementor-settings=\"{&quot;ha_cmc_init_switcher&quot;:&quot;no&quot;}\">\n\t\t\t\t\t\t<section class=\"elementor-section elementor-top-section elementor-element elementor-element-75cf05d elementor-section-boxed elementor-section-height-default elementor-section-height-default jltma-glass-effect-no\" data-id=\"75cf05d\" data-element_type=\"section\" data-e-type=\"section\" data-settings=\"{&quot;_ha_eqh_enable&quot;:false}\">\n\t\t\t\t\t\t<div class=\"elementor-container elementor-column-gap-default\">\n\t\t\t\t\t<div class=\"elementor-column elementor-col-100 elementor-top-column elementor-element elementor-element-def529c jltma-glass-effect-no\" data-id=\"def529c\" data-element_type=\"column\" data-e-type=\"column\">\n\t\t\t<div class=\"elementor-widget-wrap elementor-element-populated\">\n\t\t\t\t\t\t<div class=\"elementor-element elementor-element-79aa361 jltma-glass-effect-no elementor-widget elementor-widget-heading\" data-id=\"79aa361\" data-element_type=\"widget\" data-e-type=\"widget\" data-widget_type=\"heading.default\">\n\t\t\t\t<div class=\"elementor-widget-container\">\n\t\t\t\t\t<h4 class=\"elementor-heading-title elementor-size-default\">O Rock and Roll: Um Grito de Liberdade sem R\u00f3tulos<\/h4>\t\t\t\t<\/div>\n\t\t\t\t<\/div>\n\t\t\t\t\t<\/div>\n\t\t<\/div>\n\t\t\t\t\t<\/div>\n\t\t<\/section>\n\t\t\t\t<section class=\"elementor-section elementor-top-section elementor-element elementor-element-75e8d22 elementor-section-boxed elementor-section-height-default elementor-section-height-default jltma-glass-effect-no\" data-id=\"75e8d22\" data-element_type=\"section\" data-e-type=\"section\" data-settings=\"{&quot;_ha_eqh_enable&quot;:false}\">\n\t\t\t\t\t\t<div class=\"elementor-container elementor-column-gap-default\">\n\t\t\t\t\t<div class=\"elementor-column elementor-col-100 elementor-top-column elementor-element elementor-element-637037d jltma-glass-effect-no\" data-id=\"637037d\" data-element_type=\"column\" data-e-type=\"column\">\n\t\t\t<div class=\"elementor-widget-wrap elementor-element-populated\">\n\t\t\t\t\t\t<div class=\"elementor-element elementor-element-4984519 jltma-glass-effect-no elementor-widget elementor-widget-text-editor\" data-id=\"4984519\" data-element_type=\"widget\" data-e-type=\"widget\" data-widget_type=\"text-editor.default\">\n\t\t\t\t<div class=\"elementor-widget-container\">\n\t\t\t\t\t\t\t\t\t<p>O rock and roll nasceu em meio a uma explos\u00e3o de rebeldia e energia, uma verdadeira revolu\u00e7\u00e3o musical que desafiou conven\u00e7\u00f5es e expandiu os limites da express\u00e3o art\u00edstica. Desde os seus primeiros acordes, l\u00e1 nos anos 50, o rock tem sido uma for\u00e7a poderosa de mudan\u00e7a e um reflexo das tens\u00f5es culturais e sociais. No entanto, um equ\u00edvoco comum \u00e9 associar o rock and roll a um espectro pol\u00edtico espec\u00edfico, como se existisse algo intr\u00ednseco no estilo que o ligasse exclusivamente \u00e0 esquerda ou \u00e0 direita.<\/p><p>A verdade \u00e9 que o rock and roll, em sua ess\u00eancia, \u00e9 simplesmente uma forma de express\u00e3o art\u00edstica, um meio pelo qual os artistas transmitem seus sentimentos, pensamentos e convic\u00e7\u00f5es pessoais. A for\u00e7a do rock vem de sua capacidade de capturar e amplificar a diversidade de experi\u00eancias humanas e, portanto, n\u00e3o se limita a uma ideologia pol\u00edtica espec\u00edfica.<\/p>\t\t\t\t\t\t\t\t<\/div>\n\t\t\t\t<\/div>\n\t\t\t\t\t<\/div>\n\t\t<\/div>\n\t\t\t\t\t<\/div>\n\t\t<\/section>\n\t\t\t\t<section class=\"elementor-section elementor-top-section elementor-element elementor-element-da3b00d elementor-section-boxed elementor-section-height-default elementor-section-height-default jltma-glass-effect-no\" data-id=\"da3b00d\" data-element_type=\"section\" data-e-type=\"section\" data-settings=\"{&quot;_ha_eqh_enable&quot;:false}\">\n\t\t\t\t\t\t<div class=\"elementor-container elementor-column-gap-default\">\n\t\t\t\t\t<div class=\"elementor-column elementor-col-100 elementor-top-column elementor-element elementor-element-8f600c1 jltma-glass-effect-no\" data-id=\"8f600c1\" data-element_type=\"column\" data-e-type=\"column\">\n\t\t\t<div class=\"elementor-widget-wrap elementor-element-populated\">\n\t\t\t\t\t\t<div class=\"elementor-element elementor-element-0609587 jltma-glass-effect-no elementor-widget elementor-widget-heading\" data-id=\"0609587\" data-element_type=\"widget\" data-e-type=\"widget\" data-widget_type=\"heading.default\">\n\t\t\t\t<div class=\"elementor-widget-container\">\n\t\t\t\t\t<h4 class=\"elementor-heading-title elementor-size-default\">A Rebeldia do Rock e o Conflito Geracional<\/h4>\t\t\t\t<\/div>\n\t\t\t\t<\/div>\n\t\t\t\t\t<\/div>\n\t\t<\/div>\n\t\t\t\t\t<\/div>\n\t\t<\/section>\n\t\t\t\t<section class=\"elementor-section elementor-top-section elementor-element elementor-element-ce5aac3 elementor-section-boxed elementor-section-height-default elementor-section-height-default jltma-glass-effect-no\" data-id=\"ce5aac3\" data-element_type=\"section\" data-e-type=\"section\" data-settings=\"{&quot;_ha_eqh_enable&quot;:false}\">\n\t\t\t\t\t\t<div class=\"elementor-container elementor-column-gap-default\">\n\t\t\t\t\t<div class=\"elementor-column elementor-col-100 elementor-top-column elementor-element elementor-element-81aa147 jltma-glass-effect-no\" data-id=\"81aa147\" data-element_type=\"column\" data-e-type=\"column\">\n\t\t\t<div class=\"elementor-widget-wrap elementor-element-populated\">\n\t\t\t\t\t\t<div class=\"elementor-element elementor-element-ed4f407 jltma-glass-effect-no elementor-widget elementor-widget-text-editor\" data-id=\"ed4f407\" data-element_type=\"widget\" data-e-type=\"widget\" data-widget_type=\"text-editor.default\">\n\t\t\t\t<div class=\"elementor-widget-container\">\n\t\t\t\t\t\t\t\t\t<p>Quando o rock and roll surgiu, nos anos 50, sua rebeldia estava mais relacionada a um conflito geracional do que a uma agenda pol\u00edtica definida. Para os jovens da \u00e9poca, o rock era um grito de liberdade, uma forma de celebrar a vida com uma energia contagiante e um som que quebrava com a musicalidade tradicional. As dan\u00e7as fren\u00e9ticas e os temas sensuais das letras eram uma manifesta\u00e7\u00e3o de um desejo de se afastar das normas r\u00edgidas e conservadoras dos pais.<\/p><p>Do outro lado dessa equa\u00e7\u00e3o estavam os pais e os adultos da gera\u00e7\u00e3o anterior, que viam o rock como uma amea\u00e7a \u00e0 moralidade e ao decoro estabelecido. O que era para muitos jovens uma forma de express\u00e3o vibrante e empolgante, era visto pelos mais velhos como algo subversivo e desafiador, algo que contrariava os valores que eles consideravam fundamentais.<\/p><p>Esse choque entre as gera\u00e7\u00f5es n\u00e3o tinha uma motiva\u00e7\u00e3o pol\u00edtica expl\u00edcita, mas sim uma natureza essencialmente cultural e comportamental. O rock, em seu in\u00edcio, n\u00e3o se posicionava necessariamente em termos de ideologia pol\u00edtica, mas sim como uma revolu\u00e7\u00e3o no modo de viver e se divertir.<\/p>\t\t\t\t\t\t\t\t<\/div>\n\t\t\t\t<\/div>\n\t\t\t\t\t<\/div>\n\t\t<\/div>\n\t\t\t\t\t<\/div>\n\t\t<\/section>\n\t\t\t\t<section class=\"elementor-section elementor-top-section elementor-element elementor-element-f5d3303 elementor-section-boxed elementor-section-height-default elementor-section-height-default jltma-glass-effect-no\" data-id=\"f5d3303\" data-element_type=\"section\" data-e-type=\"section\" data-settings=\"{&quot;_ha_eqh_enable&quot;:false}\">\n\t\t\t\t\t\t<div class=\"elementor-container elementor-column-gap-default\">\n\t\t\t\t\t<div class=\"elementor-column elementor-col-100 elementor-top-column elementor-element elementor-element-a033de9 jltma-glass-effect-no\" data-id=\"a033de9\" data-element_type=\"column\" data-e-type=\"column\">\n\t\t\t<div class=\"elementor-widget-wrap elementor-element-populated\">\n\t\t\t\t\t\t<div class=\"elementor-element elementor-element-55ade5f jltma-glass-effect-no elementor-widget elementor-widget-heading\" data-id=\"55ade5f\" data-element_type=\"widget\" data-e-type=\"widget\" data-widget_type=\"heading.default\">\n\t\t\t\t<div class=\"elementor-widget-container\">\n\t\t\t\t\t<h3 class=\"elementor-heading-title elementor-size-default\">O Rock como Reflexo da Diversidade de Ideias<\/h3>\t\t\t\t<\/div>\n\t\t\t\t<\/div>\n\t\t\t\t\t<\/div>\n\t\t<\/div>\n\t\t\t\t\t<\/div>\n\t\t<\/section>\n\t\t\t\t<section class=\"elementor-section elementor-top-section elementor-element elementor-element-aace7cb elementor-section-boxed elementor-section-height-default elementor-section-height-default jltma-glass-effect-no\" data-id=\"aace7cb\" data-element_type=\"section\" data-e-type=\"section\" data-settings=\"{&quot;_ha_eqh_enable&quot;:false}\">\n\t\t\t\t\t\t<div class=\"elementor-container elementor-column-gap-default\">\n\t\t\t\t\t<div class=\"elementor-column elementor-col-100 elementor-top-column elementor-element elementor-element-58fcaf1 jltma-glass-effect-no\" data-id=\"58fcaf1\" data-element_type=\"column\" data-e-type=\"column\">\n\t\t\t<div class=\"elementor-widget-wrap elementor-element-populated\">\n\t\t\t\t\t\t<div class=\"elementor-element elementor-element-05cc814 jltma-glass-effect-no elementor-widget elementor-widget-text-editor\" data-id=\"05cc814\" data-element_type=\"widget\" data-e-type=\"widget\" data-widget_type=\"text-editor.default\">\n\t\t\t\t<div class=\"elementor-widget-container\">\n\t\t\t\t\t\t\t\t\t<p>Quando se olha para o rock and roll ao longo das d\u00e9cadas, \u00e9 evidente que ele serve como um palco para uma vasta gama de perspectivas e convic\u00e7\u00f5es. Por exemplo:<\/p><ul><li><p><strong>Anos 60 e 70<\/strong>: O rock progressivo e psicod\u00e9lico frequentemente abordava temas de liberdade e questionamento social, refletindo o esp\u00edrito de uma era marcada por movimentos de direitos civis e protestos contra a guerra.<\/p><\/li><li><p><strong>Anos 80<\/strong>: O punk rock surgiu como uma rea\u00e7\u00e3o \u00e0 corrup\u00e7\u00e3o e ao conformismo, muitas vezes com uma abordagem an\u00e1rquica e anti-establishment que n\u00e3o necessariamente se encaixava em um molde pol\u00edtico espec\u00edfico.<\/p><\/li><li><p><strong>Anos 90 e al\u00e9m<\/strong>: O grunge e o rock alternativo exploraram quest\u00f5es de aliena\u00e7\u00e3o e desconex\u00e3o, frequentemente desafiando tanto a pol\u00edtica convencional quanto as expectativas do mainstream.<\/p><\/li><\/ul>\t\t\t\t\t\t\t\t<\/div>\n\t\t\t\t<\/div>\n\t\t\t\t\t<\/div>\n\t\t<\/div>\n\t\t\t\t\t<\/div>\n\t\t<\/section>\n\t\t\t\t<section class=\"elementor-section elementor-top-section elementor-element elementor-element-6cbfcd3 elementor-section-boxed elementor-section-height-default elementor-section-height-default jltma-glass-effect-no\" data-id=\"6cbfcd3\" data-element_type=\"section\" data-e-type=\"section\" data-settings=\"{&quot;_ha_eqh_enable&quot;:false}\">\n\t\t\t\t\t\t<div class=\"elementor-container elementor-column-gap-default\">\n\t\t\t\t\t<div class=\"elementor-column elementor-col-100 elementor-top-column elementor-element elementor-element-afd3cdc jltma-glass-effect-no\" data-id=\"afd3cdc\" data-element_type=\"column\" data-e-type=\"column\">\n\t\t\t<div class=\"elementor-widget-wrap elementor-element-populated\">\n\t\t\t\t\t\t<div class=\"elementor-element elementor-element-a420659 jltma-glass-effect-no elementor-widget elementor-widget-heading\" data-id=\"a420659\" data-element_type=\"widget\" data-e-type=\"widget\" data-widget_type=\"heading.default\">\n\t\t\t\t<div class=\"elementor-widget-container\">\n\t\t\t\t\t<h3 class=\"elementor-heading-title elementor-size-default\">A M\u00fasica Como Express\u00e3o Individual<\/h3>\t\t\t\t<\/div>\n\t\t\t\t<\/div>\n\t\t\t\t\t<\/div>\n\t\t<\/div>\n\t\t\t\t\t<\/div>\n\t\t<\/section>\n\t\t\t\t<section class=\"elementor-section elementor-top-section elementor-element elementor-element-a1912dc elementor-section-boxed elementor-section-height-default elementor-section-height-default jltma-glass-effect-no\" data-id=\"a1912dc\" data-element_type=\"section\" data-e-type=\"section\" data-settings=\"{&quot;_ha_eqh_enable&quot;:false}\">\n\t\t\t\t\t\t<div class=\"elementor-container elementor-column-gap-default\">\n\t\t\t\t\t<div class=\"elementor-column elementor-col-100 elementor-top-column elementor-element elementor-element-0945811 jltma-glass-effect-no\" data-id=\"0945811\" data-element_type=\"column\" data-e-type=\"column\">\n\t\t\t<div class=\"elementor-widget-wrap elementor-element-populated\">\n\t\t\t\t\t\t<div class=\"elementor-element elementor-element-03223a1 jltma-glass-effect-no elementor-widget elementor-widget-text-editor\" data-id=\"03223a1\" data-element_type=\"widget\" data-e-type=\"widget\" data-widget_type=\"text-editor.default\">\n\t\t\t\t<div class=\"elementor-widget-container\">\n\t\t\t\t\t\t\t\t\t<p>No fim das contas, o rock and roll \u00e9 um ve\u00edculo de express\u00e3o pessoal e n\u00e3o uma plataforma para um discurso pol\u00edtico \u00fanico. Bandas e m\u00fasicos individuais usam o rock para explorar suas pr\u00f3prias cren\u00e7as e experi\u00eancias, que podem variar amplamente, desde cr\u00edticas sociais e pol\u00edticas at\u00e9 celebra\u00e7\u00f5es de libertinagem e introspec\u00e7\u00e3o pessoal.<\/p><p>Assim, embora o rock and roll tenha uma rica hist\u00f3ria de engajamento com temas pol\u00edticos e sociais, ele n\u00e3o est\u00e1 inexoravelmente atrelado a uma agenda pol\u00edtica espec\u00edfica. \u00c9 uma forma de arte que, por sua pr\u00f3pria natureza, \u00e9 male\u00e1vel e aberta a interpreta\u00e7\u00f5es diversas. O verdadeiro poder do rock reside na sua capacidade de dar voz a uma ampla gama de experi\u00eancias humanas, sem se limitar a uma ideologia ou r\u00f3tulo pol\u00edtico.<\/p><p>Em resumo, o rock and roll \u00e9, e sempre foi, um campo f\u00e9rtil para a express\u00e3o individual. \u00c9 uma tela em branco onde qualquer artista pode projetar suas pr\u00f3prias convic\u00e7\u00f5es e sentimentos, e isso \u00e9 exatamente o que faz do rock uma forma t\u00e3o din\u00e2mica e duradoura de arte.<\/p>\t\t\t\t\t\t\t\t<\/div>\n\t\t\t\t<\/div>\n\t\t\t\t\t<\/div>\n\t\t<\/div>\n\t\t\t\t\t<\/div>\n\t\t<\/section>\n\t\t\t\t<\/div>","protected":false},"excerpt":{"rendered":"<p>O Rock and Roll: Um Grito de Liberdade sem R\u00f3tulos O rock and roll nasceu em meio a uma explos\u00e3o de rebeldia e energia, uma verdadeira revolu\u00e7\u00e3o musical que desafiou conven\u00e7\u00f5es e expandiu os limites da express\u00e3o art\u00edstica. Desde os seus primeiros acordes, l\u00e1 nos anos 50, o rock tem sido uma for\u00e7a poderosa de [&hellip;]<\/p>\n","protected":false},"author":1,"featured_media":9357,"comment_status":"open","ping_status":"closed","sticky":false,"template":"","format":"standard","meta":{"om_disable_all_campaigns":false,"_monsterinsights_skip_tracking":false,"_monsterinsights_sitenote_active":false,"_monsterinsights_sitenote_note":"","_monsterinsights_sitenote_category":0,"_jetpack_memberships_contains_paid_content":false,"footnotes":""},"categories":[10],"tags":[153,148,149,150],"class_list":["post-9356","post","type-post","status-publish","format-standard","has-post-thumbnail","hentry","category-meus-2-centavos","tag-cultura","tag-meus-2-centavos","tag-opniao","tag-rock-e-politica"],"blocksy_meta":[],"aioseo_notices":[],"jetpack_featured_media_url":"https:\/\/gynrockcity.com.br\/wp-content\/uploads\/2024\/08\/RockRVL2.jpg","jetpack_sharing_enabled":true,"_links":{"self":[{"href":"https:\/\/gynrockcity.com.br\/en\/wp-json\/wp\/v2\/posts\/9356","targetHints":{"allow":["GET"]}}],"collection":[{"href":"https:\/\/gynrockcity.com.br\/en\/wp-json\/wp\/v2\/posts"}],"about":[{"href":"https:\/\/gynrockcity.com.br\/en\/wp-json\/wp\/v2\/types\/post"}],"author":[{"embeddable":true,"href":"https:\/\/gynrockcity.com.br\/en\/wp-json\/wp\/v2\/users\/1"}],"replies":[{"embeddable":true,"href":"https:\/\/gynrockcity.com.br\/en\/wp-json\/wp\/v2\/comments?post=9356"}],"version-history":[{"count":9,"href":"https:\/\/gynrockcity.com.br\/en\/wp-json\/wp\/v2\/posts\/9356\/revisions"}],"predecessor-version":[{"id":9366,"href":"https:\/\/gynrockcity.com.br\/en\/wp-json\/wp\/v2\/posts\/9356\/revisions\/9366"}],"wp:featuredmedia":[{"embeddable":true,"href":"https:\/\/gynrockcity.com.br\/en\/wp-json\/wp\/v2\/media\/9357"}],"wp:attachment":[{"href":"https:\/\/gynrockcity.com.br\/en\/wp-json\/wp\/v2\/media?parent=9356"}],"wp:term":[{"taxonomy":"category","embeddable":true,"href":"https:\/\/gynrockcity.com.br\/en\/wp-json\/wp\/v2\/categories?post=9356"},{"taxonomy":"post_tag","embeddable":true,"href":"https:\/\/gynrockcity.com.br\/en\/wp-json\/wp\/v2\/tags?post=9356"}],"curies":[{"name":"wp","href":"https:\/\/api.w.org\/{rel}","templated":true}]}}