{"id":766,"date":"2019-06-14T00:21:00","date_gmt":"2019-06-14T00:21:00","guid":{"rendered":"https:\/\/gynrockcity.com.br\/?p=766"},"modified":"2022-11-24T01:03:30","modified_gmt":"2022-11-24T01:03:30","slug":"o-politicamente-correto-o-rock-careta-e-o-apelo-do-funk","status":"publish","type":"post","link":"https:\/\/gynrockcity.com.br\/en\/o-politicamente-correto-o-rock-careta-e-o-apelo-do-funk\/","title":{"rendered":"O politicamente correto, o rock careta e o apelo do funk."},"content":{"rendered":"<div data-elementor-type=\"wp-post\" data-elementor-id=\"766\" class=\"elementor elementor-766\" data-elementor-settings=\"{&quot;ha_cmc_init_switcher&quot;:&quot;no&quot;}\">\n\t\t\t\t\t\t<section class=\"elementor-section elementor-top-section elementor-element elementor-element-35cfdb1 elementor-section-boxed elementor-section-height-default elementor-section-height-default jltma-glass-effect-no\" data-id=\"35cfdb1\" data-element_type=\"section\" data-e-type=\"section\" data-settings=\"{&quot;_ha_eqh_enable&quot;:false}\">\n\t\t\t\t\t\t<div class=\"elementor-container elementor-column-gap-default\">\n\t\t\t\t\t<div class=\"elementor-column elementor-col-100 elementor-top-column elementor-element elementor-element-836e1d8 jltma-glass-effect-no\" data-id=\"836e1d8\" data-element_type=\"column\" data-e-type=\"column\">\n\t\t\t<div class=\"elementor-widget-wrap elementor-element-populated\">\n\t\t\t\t\t\t<div class=\"elementor-element elementor-element-057b09a jltma-glass-effect-no elementor-widget elementor-widget-text-editor\" data-id=\"057b09a\" data-element_type=\"widget\" data-e-type=\"widget\" data-widget_type=\"text-editor.default\">\n\t\t\t\t<div class=\"elementor-widget-container\">\n\t\t\t\t\t\t\t\t\t<p>Aos 13 anos de idade me apaixonei pela m\u00fasica, mais especificamente pelo rock\u2019n\u2019roll. Lembro claramente do dia, da situa\u00e7\u00e3o e do disco que tocava quando isso aconteceu. Hoje, passados 33 anos, sou m\u00fasico, multi-instrumentista, compositor, produtor musical e idealizador de um website que visa divulgar a cena do rock da cidade onde vivo. Acho seguro dizer que aquele amor \u00e0 primeira vista deixou marcas duradouras.<\/p><p><br \/>Naquela fase adolescente, uma das coisas que mais me atraiu ao rock foi o fato de ele ser subversivo em sua ess\u00eancia. Desde o in\u00edcio percebi que a natureza do rock\u2019n\u2019roll era rebelde, sexy, questionadora, cr\u00edtica, \u00e1cida, mal-educada, barulhenta, espalhafatosa e at\u00e9 um pouco perigosa. Um estilo musical aparentemente feito sob-medida para jovens em processo de autoconhecimento e em busca de uma identidade pr\u00f3pria.<\/p><p><br \/>Hoje eu trabalho como professor de ingl\u00eas e tenho contato com muitos adolescentes da mesma faixa et\u00e1ria que eu tinha quando comecei a curtir m\u00fasica. A maioria deles n\u00e3o escuta rock por achar meio antiquado, coisa de tioz\u00e3o! Durante um tempo fiquei imaginando se as novas gera\u00e7\u00f5es estavam se tornando gradativamente mais caretas e por isso n\u00e3o notavam o apelo rebelde do meu estilo musical favorito. Talvez isso seja uma verdade parcial, por\u00e9m, com o passar do tempo tive que contemplar a possibilidade de que o problema n\u00e3o seja somente as novas gera\u00e7\u00f5es. Talvez quem esteja ficando careta \u00e9 o pr\u00f3prio rock. Ser\u00e1 poss\u00edvel? Acho que n\u00e3o \u00e9 s\u00f3 poss\u00edvel, como prov\u00e1vel!<\/p><p><br \/>N\u00e3o sou um profundo conhecedor do rock atual, n\u00e3o sei quais s\u00e3o as bandas legais do momento. Tento me manter informado na medida do poss\u00edvel, mas acabo escutando muita coisa ruim e perco rapidamente o interesse, por\u00e9m, a impress\u00e3o geral que tenho \u00e9 que o rock, assim como tantas outras formas de express\u00e3o art\u00edstica, se tornou uma v\u00edtima do politicamente correto. O rock de hoje em dia incomoda pouco, suas letras s\u00e3o menos contundentes e os roqueiros contempor\u00e2neos s\u00e3o bem mais domesticados que os de outrora. Talvez seja por isso que a juventude atual esteja optando por etilos musicais mais crus e escrachados como o funk. Critiquem o funk o tanto que quiserem, mas n\u00e3o h\u00e1 como negar que m\u00fasicas com letras t\u00e3o sexualmente expl\u00edcitas est\u00e3o fadadas a despertar o interesse de jovens no auge do seu tes\u00e3o adolescente e com alt\u00edssimos n\u00edveis de horm\u00f4nios bombando em suas veias. At\u00e9 eu, se tivesse 14 anos de idade, ia querer conhecer essa tal novinha que s\u00f3 quer vrau, s\u00f3 quer vrau, s\u00f3 quer vrau!<\/p><p><br \/>Eu tenho uma provoca\u00e7\u00e3o que sempre fa\u00e7o aos meus colegas de banda quando estamos trabalhando em m\u00fasicas autorais. Digo a eles que o n\u00edvel de rock\u2019n\u2019roll das nossas m\u00fasicas \u00e9 diretamente proporcional ao grau de preocupa\u00e7\u00e3o que causamos aos pais dos adolescentes que v\u00e3o escut\u00e1-las. Em outras palavras, se a gente deixa os pais da molecada preocupados por eles estarem ouvindo nossas can\u00e7\u00f5es, ent\u00e3o nosso rock\u2019n\u2019roll \u00e9 dos bons!<\/p><p><br \/>\u00c9 l\u00f3gico que isso \u00e9 um exagero e \u00e9 claro tamb\u00e9m que a ideia de chocar simplesmente por chocar n\u00e3o melhoraria a situa\u00e7\u00e3o do rock atual, por\u00e9m, acredito que se os compositores de hoje fizessem um esfor\u00e7o consciente para se livrarem das amarras impostas pelo politicamente correto e outras press\u00f5es sociais, talvez eles conseguissem encontrar sua verdadeira voz, sua autenticidade art\u00edstica e finalmente correr o risco de dizer aquilo que realmente pensam. Seria dessa forma que resgatar\u00edamos a verdadeira ess\u00eancia do rock\u2019n\u2019roll, pois n\u00e3o existe nada mais rebelde e subversivo do que uma pessoa autentica falando aquilo que realmente pensa, doa a quem doer.<\/p>\t\t\t\t\t\t\t\t<\/div>\n\t\t\t\t<\/div>\n\t\t\t\t\t<\/div>\n\t\t<\/div>\n\t\t\t\t\t<\/div>\n\t\t<\/section>\n\t\t\t\t<\/div>","protected":false},"excerpt":{"rendered":"<p>Aos 13 anos de idade me apaixonei pela m\u00fasica, mais especificamente pelo rock\u2019n\u2019roll. Lembro claramente do dia, da situa\u00e7\u00e3o e do disco que tocava quando isso aconteceu. Hoje, passados 33 anos, sou m\u00fasico, multi-instrumentista, compositor, produtor musical e idealizador de um website que visa divulgar a cena do rock da cidade onde vivo. Acho seguro [&hellip;]<\/p>\n","protected":false},"author":1,"featured_media":1245,"comment_status":"open","ping_status":"open","sticky":false,"template":"","format":"standard","meta":{"om_disable_all_campaigns":false,"_monsterinsights_skip_tracking":false,"_monsterinsights_sitenote_active":false,"_monsterinsights_sitenote_note":"","_monsterinsights_sitenote_category":0,"_jetpack_memberships_contains_paid_content":false,"footnotes":""},"categories":[10],"tags":[18,17,19,16],"class_list":["post-766","post","type-post","status-publish","format-standard","has-post-thumbnail","hentry","category-meus-2-centavos","tag-funk","tag-politicamente-correto","tag-rock-careta","tag-rock-n-roll"],"blocksy_meta":{"styles_descriptor":{"styles":{"desktop":"","tablet":"","mobile":""},"google_fonts":[],"version":6}},"aioseo_notices":[],"jetpack_featured_media_url":"https:\/\/gynrockcity.com.br\/wp-content\/uploads\/2022\/11\/BlogPost2b.jpg","jetpack_sharing_enabled":true,"_links":{"self":[{"href":"https:\/\/gynrockcity.com.br\/en\/wp-json\/wp\/v2\/posts\/766","targetHints":{"allow":["GET"]}}],"collection":[{"href":"https:\/\/gynrockcity.com.br\/en\/wp-json\/wp\/v2\/posts"}],"about":[{"href":"https:\/\/gynrockcity.com.br\/en\/wp-json\/wp\/v2\/types\/post"}],"author":[{"embeddable":true,"href":"https:\/\/gynrockcity.com.br\/en\/wp-json\/wp\/v2\/users\/1"}],"replies":[{"embeddable":true,"href":"https:\/\/gynrockcity.com.br\/en\/wp-json\/wp\/v2\/comments?post=766"}],"version-history":[{"count":5,"href":"https:\/\/gynrockcity.com.br\/en\/wp-json\/wp\/v2\/posts\/766\/revisions"}],"predecessor-version":[{"id":774,"href":"https:\/\/gynrockcity.com.br\/en\/wp-json\/wp\/v2\/posts\/766\/revisions\/774"}],"wp:featuredmedia":[{"embeddable":true,"href":"https:\/\/gynrockcity.com.br\/en\/wp-json\/wp\/v2\/media\/1245"}],"wp:attachment":[{"href":"https:\/\/gynrockcity.com.br\/en\/wp-json\/wp\/v2\/media?parent=766"}],"wp:term":[{"taxonomy":"category","embeddable":true,"href":"https:\/\/gynrockcity.com.br\/en\/wp-json\/wp\/v2\/categories?post=766"},{"taxonomy":"post_tag","embeddable":true,"href":"https:\/\/gynrockcity.com.br\/en\/wp-json\/wp\/v2\/tags?post=766"}],"curies":[{"name":"wp","href":"https:\/\/api.w.org\/{rel}","templated":true}]}}