{"id":4229,"date":"2019-09-21T04:03:00","date_gmt":"2019-09-21T04:03:00","guid":{"rendered":"https:\/\/gynrockcity.com.br\/?p=4229"},"modified":"2022-12-29T04:07:42","modified_gmt":"2022-12-29T04:07:42","slug":"o-amadorismo-dos-profissionais","status":"publish","type":"post","link":"https:\/\/gynrockcity.com.br\/en\/o-amadorismo-dos-profissionais\/","title":{"rendered":"O amadorismo dos profissionais"},"content":{"rendered":"<div data-elementor-type=\"wp-post\" data-elementor-id=\"4229\" class=\"elementor elementor-4229\" data-elementor-settings=\"{&quot;ha_cmc_init_switcher&quot;:&quot;no&quot;}\">\n\t\t\t\t\t\t<section class=\"elementor-section elementor-top-section elementor-element elementor-element-6c07656 elementor-section-boxed elementor-section-height-default elementor-section-height-default jltma-glass-effect-no\" data-id=\"6c07656\" data-element_type=\"section\" data-e-type=\"section\" data-settings=\"{&quot;_ha_eqh_enable&quot;:false}\">\n\t\t\t\t\t\t<div class=\"elementor-container elementor-column-gap-default\">\n\t\t\t\t\t<div class=\"elementor-column elementor-col-100 elementor-top-column elementor-element elementor-element-6f8f057 jltma-glass-effect-no\" data-id=\"6f8f057\" data-element_type=\"column\" data-e-type=\"column\">\n\t\t\t<div class=\"elementor-widget-wrap elementor-element-populated\">\n\t\t\t\t\t\t<div class=\"elementor-element elementor-element-f24d0a5 jltma-glass-effect-no elementor-widget elementor-widget-text-editor\" data-id=\"f24d0a5\" data-element_type=\"widget\" data-e-type=\"widget\" data-widget_type=\"text-editor.default\">\n\t\t\t\t<div class=\"elementor-widget-container\">\n\t\t\t\t\t\t\t\t\t<p>\u201cPrecisamos valorizar nossa profiss\u00e3o\u201d, esse \u00e9 um mantra que escuto desde o in\u00edcio da minha careira como m\u00fasico. J\u00e1 ouvi teorias variadas de como n\u00f3s, a classe musical, podemos alcan\u00e7ar esse objetivo. J\u00e1 escutei muitos colegas argumentarem em prol do tabelamento de pre\u00e7os, ou seja, criar um esquema onde todas as bandas da regi\u00e3o cobrariam o mesmo valor m\u00ednimo para se apresentarem. Infelizmente os propositores desse plano nunca conseguiram explicar exatamente como ele seria implementado. J\u00e1 escutei outros colegas defenderem saudosamente a volta da pr\u00e1tica dos tempos em que a Ordem dos M\u00fasicos do Brasil fiscalizava os barzinhos e casas de show para saber se todos os artistas que l\u00e1 se apresentavam eram credenciados pela mesma. Aparentemente isso valorizaria o trabalho dos \u201cm\u00fasicos de verdade\u201d, em outras palavras, serviria como uma barreira de entrada ao mercado para os m\u00fasicos que n\u00e3o possu\u00edssem a tal da \u201ccarteira da OMB\u201d. J\u00e1 presenciei parceiros de banda dando chilique porque o dono do boteco se recusou a liberar uma por\u00e7\u00e3o de fritas com bacon. Enfim, s\u00e3o muitas as teorias de como melhorar as condi\u00e7\u00f5es de trabalho do m\u00fasico local, infelizmente a maioria das que j\u00e1 ouvi ou \u00e9 composta por ideias mal pensadas ou n\u00e3o passa de ret\u00f3rica corporativista que s\u00f3 traria retrocesso.<\/p><p>N\u00e3o me entenda mal, eu concordo plenamente que o trabalho do m\u00fasico local \u00e9 extremamente subvalorizado. Ser um m\u00fasico \u201cn\u00e3o famoso\u201d no nosso pa\u00eds (e em muitos outros lugares do mundo) \u00e9 uma grande demonstra\u00e7\u00e3o de amor \u00e0 arte, pois d\u00e1 muito trabalho e o retorno geralmente n\u00e3o compensa o esfor\u00e7o. Dito isso, creio que as solu\u00e7\u00f5es geralmente apresentadas s\u00e3o em grande parte equivocadas. Para mim o caminho que realmente traz reconhecimento e respeito ao m\u00fasico, \u00e9 o caminho da profissionaliza\u00e7\u00e3o. Vixi, agora eu arrumei treta! Espera, deixe-me explicar: Muitos acreditam que ser um m\u00fasico profissional est\u00e1 relacionado simplesmente a sua habilidade musical, ou seja, quanto melhor voc\u00ea domina seu instrumento, mais profissional voc\u00ea \u00e9. Isso \u00e9 uma grande mentira! \u00c9 l\u00f3gico que ser um m\u00fasico profissional envolve tamb\u00e9m a sua profici\u00eancia no seu instrumento, por\u00e9m isso \u00e9 somente uma das in\u00fameras qualidades que fazem um bom profissional da m\u00fasica. Ser um verdadeiro profissional musical significa, al\u00e9m de tocar bem, chegar na hora marcada, iniciar o show no hor\u00e1rio combinado, trazer seu equipamento em boas condi\u00e7\u00f5es (incluindo pe\u00e7as reserva caso haja alguma eventualidade), n\u00e3o se apresentar embriagado, ajudar ativamente na divulga\u00e7\u00e3o dos shows, ter m\u00eddias sociais que realmente sirvam como um canal de comunica\u00e7\u00e3o entre a banda e seu p\u00fablico, ter material de divulga\u00e7\u00e3o (logo, fotos, v\u00eddeos) dispon\u00edvel e com uma qualidade no m\u00ednimo razo\u00e1vel, estar bem ensaiado, etc. Nos meus anos de estrada conheci muita gente que eram invej\u00e1veis instrumentistas, mas que nunca chegaram a ser bons profissionais devido \u00e0 falta de algumas das qualidades citadas.<\/p><p>Para finalizar, \u00e9 sempre bom lembrar que assim como \u00e9 o caso de qualquer outro mercado disputado majoritariamente por profissionais liberais, para uma banda se estabelecer, ser reconhecida e conquistar seu espa\u00e7o (mesmo que na cena local) \u00e9 preciso tempo e perseveran\u00e7a. Uma boa reputa\u00e7\u00e3o profissional \u00e9 constru\u00edda ao longo dos anos e nada se concretiza do dia para a noite, mesmo que voc\u00ea seja o brux\u00e3o da guitarra que consegue tocar trocentas notas por segundo durante seus solos mirabolantes.<\/p>\t\t\t\t\t\t\t\t<\/div>\n\t\t\t\t<\/div>\n\t\t\t\t\t<\/div>\n\t\t<\/div>\n\t\t\t\t\t<\/div>\n\t\t<\/section>\n\t\t\t\t<\/div>","protected":false},"excerpt":{"rendered":"<p>\u201cPrecisamos valorizar nossa profiss\u00e3o\u201d, esse \u00e9 um mantra que escuto desde o in\u00edcio da minha careira como m\u00fasico. J\u00e1 ouvi teorias variadas de como n\u00f3s, a classe musical, podemos alcan\u00e7ar esse objetivo. J\u00e1 escutei muitos colegas argumentarem em prol do tabelamento de pre\u00e7os, ou seja, criar um esquema onde todas as bandas da regi\u00e3o cobrariam [&hellip;]<\/p>\n","protected":false},"author":1,"featured_media":4230,"comment_status":"open","ping_status":"open","sticky":false,"template":"","format":"standard","meta":{"om_disable_all_campaigns":false,"_monsterinsights_skip_tracking":false,"_monsterinsights_sitenote_active":false,"_monsterinsights_sitenote_note":"","_monsterinsights_sitenote_category":0,"_jetpack_memberships_contains_paid_content":false,"footnotes":""},"categories":[10],"tags":[],"class_list":["post-4229","post","type-post","status-publish","format-standard","has-post-thumbnail","hentry","category-meus-2-centavos"],"blocksy_meta":{"styles_descriptor":{"styles":{"desktop":"","tablet":"","mobile":""},"google_fonts":[],"version":6}},"aioseo_notices":[],"jetpack_featured_media_url":"https:\/\/gynrockcity.com.br\/wp-content\/uploads\/2022\/12\/BlogPost7.jpg","jetpack_sharing_enabled":true,"_links":{"self":[{"href":"https:\/\/gynrockcity.com.br\/en\/wp-json\/wp\/v2\/posts\/4229","targetHints":{"allow":["GET"]}}],"collection":[{"href":"https:\/\/gynrockcity.com.br\/en\/wp-json\/wp\/v2\/posts"}],"about":[{"href":"https:\/\/gynrockcity.com.br\/en\/wp-json\/wp\/v2\/types\/post"}],"author":[{"embeddable":true,"href":"https:\/\/gynrockcity.com.br\/en\/wp-json\/wp\/v2\/users\/1"}],"replies":[{"embeddable":true,"href":"https:\/\/gynrockcity.com.br\/en\/wp-json\/wp\/v2\/comments?post=4229"}],"version-history":[{"count":7,"href":"https:\/\/gynrockcity.com.br\/en\/wp-json\/wp\/v2\/posts\/4229\/revisions"}],"predecessor-version":[{"id":4237,"href":"https:\/\/gynrockcity.com.br\/en\/wp-json\/wp\/v2\/posts\/4229\/revisions\/4237"}],"wp:featuredmedia":[{"embeddable":true,"href":"https:\/\/gynrockcity.com.br\/en\/wp-json\/wp\/v2\/media\/4230"}],"wp:attachment":[{"href":"https:\/\/gynrockcity.com.br\/en\/wp-json\/wp\/v2\/media?parent=4229"}],"wp:term":[{"taxonomy":"category","embeddable":true,"href":"https:\/\/gynrockcity.com.br\/en\/wp-json\/wp\/v2\/categories?post=4229"},{"taxonomy":"post_tag","embeddable":true,"href":"https:\/\/gynrockcity.com.br\/en\/wp-json\/wp\/v2\/tags?post=4229"}],"curies":[{"name":"wp","href":"https:\/\/api.w.org\/{rel}","templated":true}]}}